{"id":9967,"date":"2021-09-21T11:00:12","date_gmt":"2021-09-21T09:00:12","guid":{"rendered":"https:\/\/www.centralpay.eu\/?p=5588"},"modified":"2025-09-25T10:51:19","modified_gmt":"2025-09-25T08:51:19","slug":"centralpay-a-paris-retail-week-paiement-et-fidelisation","status":"publish","type":"post","link":"https:\/\/www.centralpay.com\/fr\/blog\/centralpay-a-paris-retail-week-paiement-et-fidelisation\/","title":{"rendered":"Paris Retail Week : CentralPay met en avant paiement et fid\u00e9lisation"},"content":{"rendered":"\n<h2 class=\"wp-block-heading has-text-align-left\"><strong>20 ans de services de paiement et d\u2019automatisation du parcours client<\/strong><\/h2>\n\n\n\n<div style=\"height:15px\" aria-hidden=\"true\" class=\"wp-block-spacer\"><\/div>\n\n\n\n<p>Fort de ses 20 ans d\u2019expertise en tant que plateforme de paiement, CentralPay propose une solution unique, permettant d\u2019unifier et de personnaliser l\u2019ensemble du parcours client, gr\u00e2ce \u00e0 la donn\u00e9e de paiement.<\/p>\n\n\n\n<div style=\"height:1px\" aria-hidden=\"true\" class=\"wp-block-spacer\"><\/div>\n\n\n\n<h3 class=\"wp-block-heading has-text-align-left\">Une meilleure connaissance des achats<\/h3>\n\n\n\n<p>Les commer\u00e7ants font \u00e9tat d\u2019une disparit\u00e9 difficile \u00e0 combler entre les clients d\u00e9j\u00e0 inscrits au programme de fid\u00e9lit\u00e9, soutenus par diff\u00e9rentes offres promotionnelles, et aux clients fid\u00e8les non membres du programmes, ne pouvant \u00eatre ni reconnus, ni r\u00e9compens\u00e9s.<\/p>\n\n\n\n<p>Pour r\u00e9pondre \u00e0 cet enjeu, CentralPay pr\u00e9sentera sa <a href=\"https:\/\/wwwcentralpay.comblog\/commerce-unifie-proposez-la-flexibilite-a-vos-clients\/\" target=\"_blank\" rel=\"noopener\">solution omnicanale<\/a> lors de l\u2019\u00e9v\u00e9nement phare du retail et du e-commerce. Celle-ci a vocation d\u2019automatiser la reconnaissance des clients \u00e0 travers leurs donn\u00e9es de paiement.<\/p>\n\n\n\n<div style=\"height:15px\" aria-hidden=\"true\" class=\"wp-block-spacer\"><\/div>\n\n\n\n<h3 class=\"wp-block-heading has-text-align-left\">Une approche sur mesure<\/h3>\n\n\n\n<p>Qu\u2019il s\u2019agisse de comprendre le comportement du client, de l\u2019identifier ou encore de g\u00e9rer sa fid\u00e9lit\u00e9, CentralPay offre aux commer\u00e7ants la possibilit\u00e9 d\u2019aborder ces processus de mani\u00e8re collaborative avec leur \u00e9diteur de fid\u00e9lit\u00e9 \/ de cartes-cadeaux. La solution s\u2019adresse aux r\u00e9seaux de franchis\u00e9s et aux points de vente d\u00e9sireux de restructurer leurs strat\u00e9gies de fid\u00e9lisation, tout en pr\u00e9servant leurs sp\u00e9cificit\u00e9s.<\/p>\n\n\n\n<p>\u00ab Notre plateforme de paiement omnicanale est pour nous l\u2019aboutissement de toute notre exp\u00e9rience de paiement au service du retail. C\u2019est pourquoi nous sommes impatients d\u2019en pr\u00e9senter les atouts aux r\u00e9seaux de commer\u00e7ants de d\u00e9tail \u00e0 l\u2019occasion de la Paris Retail Week 2021 \u00bb (Guillaume Ponsard, Fondateur et Pr\u00e9sident de CentralPay).<\/p>\n\n\n\n<p>Guillaume Ponsard et Victor Derrier seront pr\u00e9sents tout au long de ces trois jours de salon pour r\u00e9pondre aux questions des visiteurs.<\/p>\n\n\n\n<div style=\"height:30px\" aria-hidden=\"true\" class=\"wp-block-spacer\"><\/div>\n\n\n\n<h2 class=\"wp-block-heading has-text-align-left\">\u00c0 propos de Paris Retail Week<\/h2>\n\n\n\n<div style=\"height:15px\" aria-hidden=\"true\" class=\"wp-block-spacer\"><\/div>\n\n\n\n<p>Grand rendez-vous annuel europ\u00e9en, la <a href=\"https:\/\/www.parisretailweek.com\/\" target=\"_blank\" rel=\"noopener\">Paris Retail Week<\/a> rassemble tous les acteurs de l\u2019\u00e9cosyst\u00e8me du commerce omnicanal. Professionnels du retail et du e-commerce s\u2019y r\u00e9unissent pour \u00e9changer avec les fournisseurs proposant une gamme compl\u00e8te de solutions pour le commerce connect\u00e9.<\/p>\n\n\n\n<p>Cette ann\u00e9e, la Paris Retail Week se d\u00e9roulera les 28, 29 et 30 septembre, au Parc Expo Paris Porte de Versailles, pavillon 7.2.<\/p>\n\n\n\n<div style=\"height:30px\" aria-hidden=\"true\" class=\"wp-block-spacer\"><\/div>\n\n\n\n<h2 class=\"wp-block-heading has-text-align-left\">\u00c0 propos de CentralPay<\/h2>\n\n\n\n<div style=\"height:15px\" aria-hidden=\"true\" class=\"wp-block-spacer\"><\/div>\n\n\n\n<p>Cr\u00e9\u00e9e en 2002, la plateforme de paiement CentralPay a d\u2019abord op\u00e9r\u00e9 en tant que marque blanche pendant 15 ans pour de nombreux et grands noms du e-commerce. D\u00e9sormais, elle propose des solutions compl\u00e8tes permettant aux entreprises et plateformes d\u2019automatiser leurs processus d\u2019encaissement, afin d\u2019optimiser les transactions \u00e0 l\u2019\u00e9chelle locale et internationale.<\/p>\n\n\n\n<p>B\u00e2tie sur les standards les plus s\u00e9curis\u00e9s, la plateforme de paiement CentralPay apporte une expertise in\u00e9gal\u00e9e, garantissant la mise en \u0153uvre de services de paiement fonctionnels et innovants.<\/p>\n\n\n\n<p>Dans le prolongement du lien de confiance qui unit CentralPay \u00e0 ses clients, la plateforme est certifi\u00e9e PCI-DSS de niveau 1 depuis 2007. La soci\u00e9t\u00e9 est \u00e9galement agr\u00e9\u00e9e \u00c9tablissement de Monnaie \u00c9lectronique par la Banque de France, \u00e0 travers son Autorit\u00e9 de Contr\u00f4le Prudentiel et de R\u00e9solution (ACPR \u2013 CIB 17138).<\/p>\n\n\n\n<div style=\"height:30px\" aria-hidden=\"true\" class=\"wp-block-spacer\"><\/div>\n\n\n\n<p>Site internet : <a href=\"https:\/\/wwwcentralpay.com\" target=\"_blank\" rel=\"noopener\">https:\/\/wwwcentralpay.com<\/a><\/p>\n\n\n\n<div style=\"height:100px\" aria-hidden=\"true\" class=\"wp-block-spacer\"><\/div>\n","protected":false},"excerpt":{"rendered":"<p>Les 28, 29 et 30 septembre 2021, nos \u00e9quipes seront pr\u00e9sentes \u00e0 la Paris Retail Week, au Parc Expo Paris Porte de Versailles \u2013 Pavillon 7.2 \u2013 Stand G065.<\/p>\n<p>La plateforme de paiement et \u00c9tablissement de Monnaie \u00c9lectronique fran\u00e7ais CentralPay participe \u00e0 la 7\u00e8me \u00e9dition de la PRW, pour pr\u00e9senter sa solution d\u2019engagement consommateur bas\u00e9e sur la donn\u00e9e de paiement.<\/p>\n","protected":false},"author":4,"featured_media":56999,"comment_status":"closed","ping_status":"closed","sticky":false,"template":"","format":"standard","meta":{"_acf_changed":false,"footnotes":""},"categories":[72],"tags":[],"class_list":["post-9967","post","type-post","status-publish","format-standard","has-post-thumbnail","hentry","category-communique-de-presse"],"acf":[],"_links":{"self":[{"href":"https:\/\/www.centralpay.com\/fr\/wp-json\/wp\/v2\/posts\/9967","targetHints":{"allow":["GET"]}}],"collection":[{"href":"https:\/\/www.centralpay.com\/fr\/wp-json\/wp\/v2\/posts"}],"about":[{"href":"https:\/\/www.centralpay.com\/fr\/wp-json\/wp\/v2\/types\/post"}],"author":[{"embeddable":true,"href":"https:\/\/www.centralpay.com\/fr\/wp-json\/wp\/v2\/users\/4"}],"replies":[{"embeddable":true,"href":"https:\/\/www.centralpay.com\/fr\/wp-json\/wp\/v2\/comments?post=9967"}],"version-history":[{"count":0,"href":"https:\/\/www.centralpay.com\/fr\/wp-json\/wp\/v2\/posts\/9967\/revisions"}],"wp:featuredmedia":[{"embeddable":true,"href":"https:\/\/www.centralpay.com\/fr\/wp-json\/wp\/v2\/media\/56999"}],"wp:attachment":[{"href":"https:\/\/www.centralpay.com\/fr\/wp-json\/wp\/v2\/media?parent=9967"}],"wp:term":[{"taxonomy":"category","embeddable":true,"href":"https:\/\/www.centralpay.com\/fr\/wp-json\/wp\/v2\/categories?post=9967"},{"taxonomy":"post_tag","embeddable":true,"href":"https:\/\/www.centralpay.com\/fr\/wp-json\/wp\/v2\/tags?post=9967"}],"curies":[{"name":"wp","href":"https:\/\/api.w.org\/{rel}","templated":true}]}}