{"id":57414,"date":"2025-10-08T10:00:00","date_gmt":"2025-10-08T08:00:00","guid":{"rendered":"https:\/\/www.centralpay.com\/blog\/"},"modified":"2026-02-10T15:36:23","modified_gmt":"2026-02-10T14:36:23","slug":"date-echeance-facture-definition-calcul","status":"publish","type":"post","link":"https:\/\/www.centralpay.com\/fr\/blog\/date-echeance-facture-definition-calcul\/","title":{"rendered":"Date d&#8217;\u00e9ch\u00e9ance de facture : d\u00e9finition et calcul"},"content":{"rendered":"\n<h2 class=\"wp-block-heading has-text-align-left\"><strong>Date d\u2019\u00e9ch\u00e9ance de facture&nbsp;: d\u00e9finition<\/strong><\/h2>\n\n\n\n<p>La date d\u2019\u00e9ch\u00e9ance d\u2019une <a href=\"https:\/\/www.centralpay.com\/blog\/3-raisons-d-integrer-le-paiement-de-factures-dans-son-logiciel-financier\/\" data-type=\"post\" data-id=\"9994\">facture<\/a> correspond au d\u00e9lai de paiement accord\u00e9 par un professionnel \u00e0 son client dans le cadre de leur accord commercial.<\/p>\n\n\n\n<p>Tout fournisseur de biens ou de services est tenu d\u2019\u00e9mettre une facture lors de sa prestation. La facture doit obligatoirement mentionner une date d\u2019\u00e9ch\u00e9ance, qui permet au client de conna\u00eetre le d\u00e9lai dont il dispose pour r\u00e9gler le paiement.<\/p>\n\n\n\n<p>Cette mention est \u00e9galement utilis\u00e9e par le prestataire pour suivre ses encaissements et rep\u00e9rer d&#8217;\u00e9ventuels retards. <\/p>\n\n\n\n<div style=\"height:30px\" aria-hidden=\"true\" class=\"wp-block-spacer\"><\/div>\n\n\n\n<h2 class=\"wp-block-heading has-text-align-left\"><strong>Quelles sont les dates cl\u00e9s en termes de facturation&nbsp;?<\/strong><\/h2>\n\n\n\n<p>Trois dates sont essentielles \u00e0 retenir pour une facturation efficace&nbsp;:<\/p>\n\n\n\n<ul class=\"wp-block-list\">\n<li>La date de facturation&nbsp;: il s\u2019agit de la date d\u2019\u00e9mission de la facture.<\/li>\n\n\n\n<li>La date d\u2019\u00e9ch\u00e9ance de facture&nbsp;: il s\u2019agit de la limite fix\u00e9e pour payer la facture.<\/li>\n\n\n\n<li>La date de r\u00e8glement&nbsp;: la date \u00e0 laquelle le r\u00e8glement a \u00e9t\u00e9 re\u00e7u.<\/li>\n<\/ul>\n\n\n\n<p>Ces dates permettent de suivre les encaissements et les retards pour une gestion plus optimis\u00e9e de la tr\u00e9sorerie de l\u2019entreprise.<\/p>\n\n\n\n<div style=\"height:30px\" aria-hidden=\"true\" class=\"wp-block-spacer\"><\/div>\n\n\n\n<h2 class=\"wp-block-heading has-text-align-left\"><strong>Date d\u2019\u00e9ch\u00e9ance de facture&nbsp;: que dit la loi&nbsp;?<\/strong><\/h2>\n\n\n\n<p>La date d\u2019\u00e9ch\u00e9ance de paiement est une mention obligatoire qui doit figurer sur toutes les factures \u00e9mises par une entreprise.<br><br>L\u2019\u00e9metteur de la facture est \u00e9galement tenu d\u2019indiquer l\u2019<a href=\"https:\/\/www.legifrance.gouv.fr\/codes\/article_lc\/LEGIARTI000038414397\" target=\"_blank\" data-type=\"link\" data-id=\"https:\/\/www.legifrance.gouv.fr\/codes\/article_lc\/LEGIARTI000038414397\" rel=\"noreferrer noopener\">Article L441-9 du Code du Commerce<\/a>&nbsp;:<\/p>\n\n\n\n<blockquote class=\"wp-block-quote is-layout-flow wp-block-quote-is-layout-flow\">\n<p>\u00ab&nbsp;La facture mentionne la date \u00e0 laquelle le r\u00e8glement doit intervenir. Elle pr\u00e9cise les conditions d&#8217;escompte applicables en cas de paiement \u00e0 une date ant\u00e9rieure \u00e0 celle r\u00e9sultant de l&#8217;application des conditions g\u00e9n\u00e9rales de vente, le taux des p\u00e9nalit\u00e9s exigibles le jour suivant la date de r\u00e8glement inscrite sur la facture ainsi que le montant de l&#8217;indemnit\u00e9 forfaitaire pour frais de recouvrement due au cr\u00e9ancier en cas de retard de paiement. Le r\u00e8glement est r\u00e9put\u00e9 r\u00e9alis\u00e9 \u00e0 la date \u00e0 laquelle les fonds sont mis, par le client, \u00e0 la disposition du b\u00e9n\u00e9ficiaire ou de son subrog\u00e9&nbsp;\u00bb.<\/p>\n<\/blockquote>\n\n\n\n<div style=\"height:11px\" aria-hidden=\"true\" class=\"wp-block-spacer\"><\/div>\n\n\n\n<p>Concernant le d\u00e9lai de paiement, il est fix\u00e9 par d\u00e9faut \u00e0 30 jours apr\u00e8s la r\u00e9ception des biens ou la r\u00e9alisation des services. Dans le cadre d\u2019un contrat, ce d\u00e9lai peut \u00eatre prolong\u00e9 jusqu\u2019\u00e0 60 jours nets apr\u00e8s la date d\u2019\u00e9mission de la facture et 45 jours fins de mois.<\/p>\n\n\n\n<p>Le d\u00e9lai d\u2019acquittement des factures doit \u00e9galement \u00eatre indiqu\u00e9 dans vos CGV.<\/p>\n\n\n\n<div style=\"height:30px\" aria-hidden=\"true\" class=\"wp-block-spacer\"><\/div>\n\n\n\n<h2 class=\"wp-block-heading has-text-align-left\"><strong>Comment d\u00e9terminer la date d\u2019\u00e9ch\u00e9ance de facture&nbsp;?<\/strong><\/h2>\n\n\n\n<p>Entre la p\u00e9rennit\u00e9 financi\u00e8re de votre soci\u00e9t\u00e9 et la volont\u00e9 de proposer \u00e0 vos clients des accords commerciaux pouvant les arranger, d\u00e9finir une date d\u2019\u00e9ch\u00e9ance peut parfois \u00eatre compliqu\u00e9.<\/p>\n\n\n\n<p>Voici des m\u00e9thodes simples pour calculer la date d\u2019\u00e9ch\u00e9ance des factures id\u00e9ale&nbsp;:<\/p>\n\n\n\n<ul class=\"wp-block-list\">\n<li><strong>Calcul de la date d\u2019\u00e9ch\u00e9ance en nombre de jours nets&nbsp;:<\/strong> c\u2019est la m\u00e9thode la plus courante. Elle consiste \u00e0 ajouter au jour d\u2019\u00e9mission de la facture le nombre de jours pr\u00e9vu dans le contrat.<\/li>\n<\/ul>\n\n\n\n<div style=\"height:20px\" aria-hidden=\"true\" class=\"wp-block-spacer\"><\/div>\n\n\n\n<ul class=\"wp-block-list\">\n<li><strong>Calcul X jours fins de mois (m\u00e9thode 1) :<\/strong> date de facturation + 45 jours + fin du mois. Cette m\u00e9thode consiste \u00e0 ajouter le nombre de jours convenu avec votre client \u00e0 partir de la date d\u2019\u00e9mission de la facture puis de la payer \u00e0 la fin du mois.<br><strong>Exemple <\/strong>: si la facture est \u00e9mise le 01\/11\/2025 avec un d\u00e9lai de 45 jours fin de mois. La date d\u2019\u00e9ch\u00e9ance de cette facture est le 31\/12\/2025.<\/li>\n<\/ul>\n\n\n\n<div style=\"height:20px\" aria-hidden=\"true\" class=\"wp-block-spacer\"><\/div>\n\n\n\n<ul class=\"wp-block-list\">\n<li><strong>Calcul X jours fins de mois (m\u00e9thode 2)&nbsp;: <\/strong>date de facturation + fin de mois + X jours. Avec cette m\u00e9thode, les jours sont compt\u00e9s \u00e0 partir de la fin du mois de l\u2019\u00e9mission de la facture.<br><strong>Exemple <\/strong>: si la facture est \u00e9mise le 01\/11\/2025 avec un d\u00e9lai \u00e0 partir de la fin du mois + 45 jours. La date d\u2019\u00e9ch\u00e9ance de cette facture est le 14\/01\/2025.<\/li>\n<\/ul>\n\n\n\n<div style=\"height:20px\" aria-hidden=\"true\" class=\"wp-block-spacer\"><\/div>\n\n\n\n<p>Pour ce type de facture, le d\u00e9lai de paiement le plus courant est celui pr\u00e9vu par la <a href=\"https:\/\/www.economie.gouv.fr\/cedef\/fiches-pratiques\/delais-de-paiement-entre-les-entreprises\" target=\"_blank\" data-type=\"link\" data-id=\"https:\/\/www.economie.gouv.fr\/cedef\/fiches-pratiques\/delais-de-paiement-entre-les-entreprises\" rel=\"noreferrer noopener\">loi LME<\/a>, soit 45 jours fin de mois.<\/p>\n\n\n\n<p><strong>Bon \u00e0 savoir&nbsp;<\/strong>: la l\u00e9gislation d\u00e9finit un d\u00e9lai maximum, rien ne vous emp\u00eache d\u2019appliquer un d\u00e9lai plus court. Il est donc possible d&#8217;appliquer une r\u00e8gle de 30 jours fin de mois. <\/p>\n\n\n\n<div style=\"height:30px\" aria-hidden=\"true\" class=\"wp-block-spacer\"><\/div>\n\n\n\n<h2 class=\"wp-block-heading has-text-align-left\"><strong>Quels sont les cas particuliers&nbsp;?<\/strong><\/h2>\n\n\n\n<p>Le type de contrat, la prestation ou la relation commerciale peuvent impacter la date d\u2019\u00e9ch\u00e9ance de factures. Les <a href=\"https:\/\/www.centralpay.com\/blog\/allier-performance-et-conformite-grace-a-ses-conditions-de-reglement-b2b\/\" data-type=\"post\" data-id=\"44070\">conditions de paiement B2B<\/a> peuvent s\u2019\u00e9loigner des pratiques courantes. Voici les cas particuliers&nbsp;:<\/p>\n\n\n\n<ul class=\"wp-block-list\">\n<li><strong>Le paiement comptant&nbsp;:<\/strong> la facture doit \u00eatre pay\u00e9e dans l\u2019imm\u00e9diat. Ce type de facturation est g\u00e9n\u00e9ralement utilis\u00e9 dans le cadre d\u2019un service \u00e0 faible montant, une prestation ponctuelle ou une premi\u00e8re collaboration.<\/li>\n<\/ul>\n\n\n\n<ul class=\"wp-block-list\">\n<li><strong>Le paiement anticip\u00e9 avec escompte&nbsp;:<\/strong> le fournisseur peut proposer un escompte au client en cas de paiement anticip\u00e9. La date d\u2019\u00e9ch\u00e9ance reste identique, mais une r\u00e9duction est propos\u00e9e afin d\u2019encourager le r\u00e8glement avant l\u2019\u00e9ch\u00e9ance.<\/li>\n<\/ul>\n\n\n\n<ul class=\"wp-block-list\">\n<li><strong>Le paiement avec acompte<\/strong> : lorsqu\u2019un acompte est demand\u00e9, par exemple pour des prestations longues dur\u00e9es ou des commandes sur mesure, une facture distincte est \u00e9mise avec sa propre date d\u2019\u00e9ch\u00e9ance. La facture de solde comportera ensuite une nouvelle \u00e9ch\u00e9ance, g\u00e9n\u00e9ralement fix\u00e9e \u00e0 la livraison ou \u00e0 la fin de la mission.<\/li>\n<\/ul>\n\n\n\n<ul class=\"wp-block-list\">\n<li><strong>Le <a href=\"https:\/\/www.centralpay.com\/fr\/solutions\/encaissement-de-paiements\/moyen-de-paiement\/paiement-fractionne\/\">paiement fractionn\u00e9<\/a>&nbsp;:<\/strong> dans le cadre d\u2019un contrat avec des phases progressives ou des abonnements. Chaque paiement doit donner lieu \u00e0 une cr\u00e9ation de facture.<\/li>\n<\/ul>\n\n\n\n<div style=\"height:11px\" aria-hidden=\"true\" class=\"wp-block-spacer\"><\/div>\n\n\n\n<p><strong>Bon \u00e0 savoir&nbsp;:<\/strong> vos clients doivent \u00eatre inform\u00e9s de ces r\u00e8gles de paiement dans les conditions g\u00e9n\u00e9rales de vente et\/ou dans un contrat. Cela vous permet de vous prot\u00e9ger en cas de litige.<\/p>\n\n\n\n<div style=\"height:30px\" aria-hidden=\"true\" class=\"wp-block-spacer\"><\/div>\n\n\n\n<h2 class=\"wp-block-heading has-text-align-left\"><strong>Que faire en cas de paiement de retard&nbsp;?<\/strong><\/h2>\n\n\n\n<p>En cas de retard de paiement, le client peut \u00eatre expos\u00e9 \u00e0 des p\u00e9nalit\u00e9s de retard et une indemnit\u00e9 forfaitaire pour les frais de recouvrement \u00e0 verser au fournisseur.<\/p>\n\n\n\n<div style=\"height:11px\" aria-hidden=\"true\" class=\"wp-block-spacer\"><\/div>\n\n\n\n<h3 class=\"wp-block-heading has-text-align-left\">Comment calculer les indemnit\u00e9s de retard&nbsp;?<\/h3>\n\n\n\n<p>Une indemnit\u00e9 de retard est une sanction p\u00e9cuniaire qui s\u2019applique pour chaque jour au-del\u00e0 de la date pr\u00e9vue de paiement. Elle est calcul\u00e9e \u00e0 partir du lendemain de la date d\u2019\u00e9ch\u00e9ance.<\/p>\n\n\n\n<p>Les p\u00e9nalit\u00e9s de retard, ainsi que les conditions d\u2019application doivent \u00eatre formul\u00e9es dans les CGV et\/ou dans le contrat.<\/p>\n\n\n\n<p>Les indemnit\u00e9s de retards de paiement de facture ne peuvent pas \u00eatre inf\u00e9rieures \u00e0 3 fois le taux de l\u2019int\u00e9r\u00eat l\u00e9gal, c\u2019est-\u00e0-dire 8.28 %.<\/p>\n\n\n\n<p>Le Code du Commerce recommande de se baser sur le taux directeur de la Banque Centrale Europ\u00e9enne (BCE)&nbsp;<strong>major\u00e9 de 10 points<\/strong>.<\/p>\n\n\n\n<p>Ce taux change tous les semestres. Pour le 1<sup>er<\/sup> semestre de 2025, il \u00e9tait de 3,15 %. Le taux de p\u00e9nalit\u00e9 conseill\u00e9 est donc de 13,15 %. Le second trimestre, le taux BCE est de 2,15 % soit un taux de p\u00e9nalit\u00e9s de 12,15 %.<\/p>\n\n\n\n<p><strong>Bon \u00e0 savoir&nbsp;:<\/strong> les p\u00e9nalit\u00e9s de retard peuvent \u00eatre appliqu\u00e9es sans rappel de paiement ou de mise en demeure.<\/p>\n\n\n\n<div style=\"height:25px\" aria-hidden=\"true\" class=\"wp-block-spacer\"><\/div>\n\n\n\n<h3 class=\"wp-block-heading has-text-align-left\">Indemnit\u00e9 forfaitaire de recouvrement<\/h3>\n\n\n\n<p>Une indemnit\u00e9 forfaitaire de recouvrement d\u2019un montant de 40 \u20ac est appliqu\u00e9e. Tout comme les p\u00e9nalit\u00e9s de retard, elle doit \u00eatre mentionn\u00e9e dans les CGV et\/ou contrat. Elle s\u2019applique par facture et non par jour de retard. Cette indemnit\u00e9 s\u2019applique \u00e9galement en cas de paiement partiel de la facture.<\/p>\n\n\n\n<p>Cependant, lorsque les frais de recouvrement sont sup\u00e9rieurs au montant de l\u2019indemnit\u00e9, le fournisseur peut effectuer une demande de compl\u00e9ment avec un justificatif.<\/p>\n\n\n\n<div style=\"height:30px\" aria-hidden=\"true\" class=\"wp-block-spacer\"><\/div>\n\n\n\n<h2 class=\"wp-block-heading has-text-align-left\"><strong>CentralPay&nbsp;: une aide pr\u00e9cieuse pour le recouvrement de facture<\/strong><\/h2>\n\n\n\n<p>CentralPay automatise enti\u00e8rement la gestion des encaissements, \u00e0 partir de vos factures clients. La plateforme r\u00e9cup\u00e8re les informations de votre ERP, et automatise le suivi, les relances et le rapprochement, sans intervention manuelle.<\/p>\n\n\n\n<p>L\u2019entreprise gagne du temps, s\u00e9curise sa tr\u00e9sorerie et offre \u00e0 ses clients une exp\u00e9rience fluide et professionnelle, tout en garantissant le respect des d\u00e9lais de paiement.<\/p>\n\n\n\n<div style=\"height:30px\" aria-hidden=\"true\" class=\"wp-block-spacer\"><\/div>\n\n\n\n<div class=\"wp-block-buttons is-content-justification-center is-layout-flex wp-container-core-buttons-is-layout-16018d1d wp-block-buttons-is-layout-flex\">\n<div class=\"wp-block-button is-style-outline is-style-outline--1\"><a class=\"wp-block-button__link wp-element-button\" href=\"https:\/\/www.centralpay.com\/fr\/usages\/paiement-a-terme-echu\/\" style=\"border-radius:10px\">D\u00e9couvrir la solution de recouvrement de factures \u279c<\/a><\/div>\n<\/div>\n\n\n\n<div style=\"height:100px\" aria-hidden=\"true\" class=\"wp-block-spacer\"><\/div>\n\n\n\n<script type=\"application\/ld+json\">\n{\n  \"@context\": \"https:\/\/schema.org\",\n  \"@type\": \"BlogPosting\",\n  \"name\": \"Date d'\u00e9ch\u00e9ance de facture : le guide pratique !\",\n  \"headline\": \"Date d'\u00e9ch\u00e9ance de facture : d\u00e9finition et calcul\",\n  \"datePublished\": \"October 08, 2025\",\n  \"dateModified\": \"October 08, 2025\",\n  \"description\": \"Date d\u2019\u00e9ch\u00e9ance de facture : d\u00e9finition et m\u00e9thodes de calcul pour mieux g\u00e9rer vos paiements et tr\u00e9sorerie.\",\n  \"image\": {\n  \"@type\": \"ImageObject\",\n  \"height\": \"600\",\n  \"width\": \"1000\",\n  \"url\": \"https:\/\/www.centralpay.com\/wp-content\/uploads\/2025\/10\/date-echeance-facture-definition-calcul.jpg\"\n  },\n  \"author\": {\n  \"@type\": \"Person\",\n  \"name\": \"CentralPay\"\n  },\n  \"publisher\": {\n  \"@type\": \"Organization\",\n  \"name\": \"CentralPay\",\n  \"logo\": {\n  \"@type\": \"imageObject\",\n  \"url\": \"https:\/\/www.centralpay.com\/assets\/images\/logo.png\"\n  }\n  },\n  \"mainEntityOfPage\": true,\n  \"url\": \"https:\/\/www.centralpay.com\/fr\/blog\/date-echeance-facture-definition-calcul\/\"\n}\n<\/script>\n","protected":false},"excerpt":{"rendered":"<p>La date d&#8217;\u00e9ch\u00e9ance de facture correspond au terme fix\u00e9 par le fournisseur pour que le client r\u00e8gle sa dette.<\/p>\n<p>Une notion simple en apparence, qui soul\u00e8ve pourtant plusieurs interrogations. Comment d\u00e9terminer cette \u00e9ch\u00e9ance ? Quelles r\u00e8gles encadrent son calcul ? Quelles cons\u00e9quences entra\u00eene un retard de r\u00e8glement ? Comment les \u00e9viter ?<\/p>\n<p>Cet article vous apporte toutes les cl\u00e9s pour comprendre, calculer et anticiper la date d\u2019\u00e9ch\u00e9ance de vos factures.<\/p>\n","protected":false},"author":4,"featured_media":57431,"comment_status":"closed","ping_status":"closed","sticky":false,"template":"","format":"standard","meta":{"_acf_changed":false,"footnotes":""},"categories":[71],"tags":[201,202],"class_list":["post-57414","post","type-post","status-publish","format-standard","has-post-thumbnail","hentry","category-entreprise","tag-facture","tag-paiement-facture"],"acf":[],"_links":{"self":[{"href":"https:\/\/www.centralpay.com\/fr\/wp-json\/wp\/v2\/posts\/57414","targetHints":{"allow":["GET"]}}],"collection":[{"href":"https:\/\/www.centralpay.com\/fr\/wp-json\/wp\/v2\/posts"}],"about":[{"href":"https:\/\/www.centralpay.com\/fr\/wp-json\/wp\/v2\/types\/post"}],"author":[{"embeddable":true,"href":"https:\/\/www.centralpay.com\/fr\/wp-json\/wp\/v2\/users\/4"}],"replies":[{"embeddable":true,"href":"https:\/\/www.centralpay.com\/fr\/wp-json\/wp\/v2\/comments?post=57414"}],"version-history":[{"count":3,"href":"https:\/\/www.centralpay.com\/fr\/wp-json\/wp\/v2\/posts\/57414\/revisions"}],"predecessor-version":[{"id":60435,"href":"https:\/\/www.centralpay.com\/fr\/wp-json\/wp\/v2\/posts\/57414\/revisions\/60435"}],"wp:featuredmedia":[{"embeddable":true,"href":"https:\/\/www.centralpay.com\/fr\/wp-json\/wp\/v2\/media\/57431"}],"wp:attachment":[{"href":"https:\/\/www.centralpay.com\/fr\/wp-json\/wp\/v2\/media?parent=57414"}],"wp:term":[{"taxonomy":"category","embeddable":true,"href":"https:\/\/www.centralpay.com\/fr\/wp-json\/wp\/v2\/categories?post=57414"},{"taxonomy":"post_tag","embeddable":true,"href":"https:\/\/www.centralpay.com\/fr\/wp-json\/wp\/v2\/tags?post=57414"}],"curies":[{"name":"wp","href":"https:\/\/api.w.org\/{rel}","templated":true}]}}